{"id":1980,"date":"2026-07-27T09:19:37","date_gmt":"2026-07-27T08:19:37","guid":{"rendered":"https:\/\/opercheiro.com\/blog\/?p=1980"},"modified":"2026-07-27T09:19:37","modified_gmt":"2026-07-27T08:19:37","slug":"aspas-policromas","status":"publish","type":"post","link":"https:\/\/opercheiro.com\/blog\/2026\/07\/27\/aspas-policromas\/","title":{"rendered":"Aspas pol\u00edcromas"},"content":{"rendered":"\n<p class=\"has-text-align-center\">Una vez m\u00e1s os traemos un hermoso trabajo de Elisa Lage, de Puerto Real (C\u00e1diz). Elisa ya ha compartido con tod@s nosotr@s labores de varias t\u00e9cnicas de encaje, entre ellas de cluny pol\u00edcromo como la que os mostramos hoy.<\/p>\n\n\n<div class=\"wp-block-image\">\n<figure class=\"aligncenter size-full\"><img loading=\"lazy\" decoding=\"async\" width=\"147\" height=\"400\" src=\"https:\/\/opercheiro.com\/blog\/wp-content\/uploads\/2026\/07\/aspas-1.jpg\" alt=\"\" class=\"wp-image-1981\"\/><\/figure>\n<\/div>\n\n\n<p class=\"has-text-align-center\">Esta preciosidad est\u00e1 realizada con una seda quitamiedos y cinco sedas finas 120Nm. Aunque no sabemos las referencias exactas que utiliz\u00f3 creemos que podr\u00edan ser las siguientes: de la seda quitamiedos la marr\u00f3n referencia SQ08, aunque la gris pizarra SQ28 tambi\u00e9n ser\u00eda una opci\u00f3n perfecta. De la seda fina 120Nm el amarillo S031, verde b\u00e1ltico S035, rosa S042, rojo S044 y lavanda S047\/2.<\/p>\n\n\n<div class=\"wp-block-image\">\n<figure class=\"aligncenter size-full\"><img loading=\"lazy\" decoding=\"async\" width=\"240\" height=\"400\" src=\"https:\/\/opercheiro.com\/blog\/wp-content\/uploads\/2026\/07\/aspas-2.jpg\" alt=\"\" class=\"wp-image-1982\"\/><\/figure>\n<\/div>\n\n\n<p class=\"has-text-align-center\">El dise\u00f1o es de la dise\u00f1adora y profesora Arzhela Le Maitre. Para encontrar su p\u00e1gina web s\u00f3lo ten\u00e9is que escribir en cualquier buscador \u00abArzhela bolillos\u00bb.<\/p>\n\n\n<div class=\"wp-block-image\">\n<figure class=\"aligncenter size-full\"><img loading=\"lazy\" decoding=\"async\" width=\"400\" height=\"188\" src=\"https:\/\/opercheiro.com\/blog\/wp-content\/uploads\/2026\/07\/aspas-3.jpg\" alt=\"\" class=\"wp-image-1983\"\/><\/figure>\n<\/div>\n\n\n<p class=\"has-text-align-center\">Al igual que os gusta ver los trabajos de otras personas a ellas tambi\u00e9n les gustar\u00eda ver los vuestros, as\u00ed que si ten\u00e9is labores realizadas con nuestros hilos, y quer\u00e9is compartirlas, pod\u00e9is enviarnos las fotos e informaci\u00f3n de las referencias usadas a nuestro tel\u00e9fono y whatsapp 626 300 901 o al correo electr\u00f3nico opercheiro@gmail.com<\/p>\n\n\n<div class=\"wp-block-image\">\n<figure class=\"aligncenter size-full\"><img loading=\"lazy\" decoding=\"async\" width=\"289\" height=\"323\" src=\"https:\/\/opercheiro.com\/blog\/wp-content\/uploads\/2026\/07\/aspas-4.jpg\" alt=\"\" class=\"wp-image-1984\"\/><\/figure>\n<\/div>\n\n\n<p class=\"has-text-align-center\">Este es el enlace a las sedas quitamiedos.<\/p>\n\n\n\n<p class=\"has-text-align-center\"><a href=\"https:\/\/opercheiro.com\/42-seda-quitamiedos-602-nm\" target=\"_blank\" rel=\"noreferrer noopener\">https:\/\/opercheiro.com\/42-seda-quitamiedos-602-nm<\/a><\/p>\n\n\n\n<p class=\"has-text-align-center\">Este es el enlace a las sedas finas 120Nm<\/p>\n\n\n\n<p class=\"has-text-align-center\"><a href=\"https:\/\/opercheiro.com\/121-seda-fina-120-nm\" target=\"_blank\" rel=\"noreferrer noopener\">https:\/\/opercheiro.com\/121-seda-fina-120-nm<\/a><\/p>\n\n\n\n<p class=\"has-text-align-center\">Os deseamos un bonito d\u00eda.<\/p>\n\n\n\n<p class=\"has-text-align-center\">Hasta el mi\u00e9rcoles.<\/p>\n\n\n\n<p><\/p>\n","protected":false},"excerpt":{"rendered":"<p>Una vez m\u00e1s os traemos un hermoso trabajo de Elisa Lage, de Puerto Real (C\u00e1diz). Elisa ya ha compartido con tod@s nosotr@s labores de varias t\u00e9cnicas de encaje, entre ellas de cluny pol\u00edcromo como la que os mostramos hoy. Esta preciosidad est\u00e1 realizada con una seda quitamiedos y cinco sedas finas 120Nm. Aunque no sabemos &hellip; <a href=\"https:\/\/opercheiro.com\/blog\/2026\/07\/27\/aspas-policromas\/\" class=\"more-link\">Sigue leyendo <span class=\"screen-reader-text\">Aspas pol\u00edcromas<\/span><\/a><\/p>\n","protected":false},"author":1,"featured_media":0,"comment_status":"closed","ping_status":"open","sticky":false,"template":"","format":"standard","meta":{"footnotes":""},"categories":[23,8,24,20],"tags":[],"class_list":["post-1980","post","type-post","status-publish","format-standard","hentry","category-arzhela-le-maitre","category-bolillos","category-cluny-policromo","category-seda"],"_links":{"self":[{"href":"https:\/\/opercheiro.com\/blog\/wp-json\/wp\/v2\/posts\/1980","targetHints":{"allow":["GET"]}}],"collection":[{"href":"https:\/\/opercheiro.com\/blog\/wp-json\/wp\/v2\/posts"}],"about":[{"href":"https:\/\/opercheiro.com\/blog\/wp-json\/wp\/v2\/types\/post"}],"author":[{"embeddable":true,"href":"https:\/\/opercheiro.com\/blog\/wp-json\/wp\/v2\/users\/1"}],"replies":[{"embeddable":true,"href":"https:\/\/opercheiro.com\/blog\/wp-json\/wp\/v2\/comments?post=1980"}],"version-history":[{"count":1,"href":"https:\/\/opercheiro.com\/blog\/wp-json\/wp\/v2\/posts\/1980\/revisions"}],"predecessor-version":[{"id":1985,"href":"https:\/\/opercheiro.com\/blog\/wp-json\/wp\/v2\/posts\/1980\/revisions\/1985"}],"wp:attachment":[{"href":"https:\/\/opercheiro.com\/blog\/wp-json\/wp\/v2\/media?parent=1980"}],"wp:term":[{"taxonomy":"category","embeddable":true,"href":"https:\/\/opercheiro.com\/blog\/wp-json\/wp\/v2\/categories?post=1980"},{"taxonomy":"post_tag","embeddable":true,"href":"https:\/\/opercheiro.com\/blog\/wp-json\/wp\/v2\/tags?post=1980"}],"curies":[{"name":"wp","href":"https:\/\/api.w.org\/{rel}","templated":true}]}}