{"id":1991,"date":"2026-07-30T23:43:07","date_gmt":"2026-07-30T22:43:07","guid":{"rendered":"https:\/\/opercheiro.com\/blog\/?p=1991"},"modified":"2026-08-06T21:58:32","modified_gmt":"2026-08-06T20:58:32","slug":"bordado-segunda-mano","status":"publish","type":"post","link":"https:\/\/opercheiro.com\/blog\/2026\/07\/30\/bordado-segunda-mano\/","title":{"rendered":"Bordado, segunda mano"},"content":{"rendered":"\n<p class=\"has-text-align-center\">Os traemos un nuevo lote de publicaciones que no est\u00e1n a la venta en nuestra tienda web. As\u00ed que, una vez m\u00e1s, s\u00f3lo hay una de cada. <\/p>\n\n\n\n<p class=\"has-text-align-center\">En esta ocasi\u00f3n os proponemos publicaciones que tienen que ver con el mundo del bordado. Encontrar\u00e9is distintas t\u00e9cnicas todas ellas muy interesantes.<\/p>\n\n\n\n<p class=\"has-text-align-center\">Al igual que en ocasiones anteriores si se venden publicaciones por suelto el precio del lote se adaptar\u00e1 a las que queden disponibles. El lote inicial est\u00e1 compuesto por todos los productos que anunciamos hoy.<\/p>\n\n\n\n<p class=\"has-text-align-center\">Empezamos con un libro precioso en el que encontrar\u00e9is explicaciones, esquemas y fotos paso a paso para aprender a hacer alfombras, cojines y tapices con la t\u00e9cnica del bordado de Arraiolos. Tuvimos la suerte de conocer a su autora, Rosario Prudencio Garc\u00eda, cuando \u00edbamos a los encuentros de encajeras. Siempre transmit\u00eda mucho amor por este tipo de bordado. El precio es de 10\u20ac m\u00e1s gastos de env\u00edo.<\/p>\n\n\n<div class=\"wp-block-image\">\n<figure class=\"aligncenter size-full\"><img loading=\"lazy\" decoding=\"async\" width=\"296\" height=\"400\" src=\"https:\/\/opercheiro.com\/blog\/wp-content\/uploads\/2026\/07\/Bordado-1.jpg\" alt=\"\" class=\"wp-image-1992\"\/><\/figure>\n<\/div>\n\n\n<p class=\"has-text-align-center\">El siguiente libro tambi\u00e9n es de una persona encantadora a la que tuvimos el placer de conocer en Ponferrada, y de su hija: Ludi Rodr\u00edguez Losada y Eva L\u00f3pez Rodr\u00edguez. En este caso es adecuado para personas que ya conozcan la t\u00e9cnica, aunque cualquiera que ame el bordado canario podr\u00e1 disfrutar con las labores que presenta. El precio es de 5\u20ac m\u00e1s gastos de env\u00edo. <\/p>\n\n\n\n<p class=\"has-text-align-center has-medium-pink-color has-text-color has-link-color wp-elements-417d13c2ef28e56b91955e1708a0d114\"><strong>VENDIDO<\/strong><\/p>\n\n\n<div class=\"wp-block-image\">\n<figure class=\"aligncenter size-full\"><img loading=\"lazy\" decoding=\"async\" width=\"273\" height=\"400\" src=\"https:\/\/opercheiro.com\/blog\/wp-content\/uploads\/2026\/07\/Bordado-2.jpg\" alt=\"\" class=\"wp-image-1993\"\/><\/figure>\n<\/div>\n\n\n<p class=\"has-text-align-center\">Este libro ense\u00f1a c\u00f3mo confeccionar la malla, su montaje y el bordado sobre ella. La primera parte explica la t\u00e9cnica y en la segunda parte del libro tiene 31 dise\u00f1os distintos. En este caso el libro presenta un peque\u00f1o desperfecto y es que en la primera parte hay cuatro hojas que tienen alg\u00fan punto en el que est\u00e1n pegadas. El precio es de 10\u20ac m\u00e1s gastos de env\u00edo.<\/p>\n\n\n<div class=\"wp-block-image\">\n<figure class=\"aligncenter size-full\"><img loading=\"lazy\" decoding=\"async\" width=\"303\" height=\"400\" src=\"https:\/\/opercheiro.com\/blog\/wp-content\/uploads\/2026\/07\/Bordado-3.jpg\" alt=\"\" class=\"wp-image-1994\"\/><\/figure>\n<\/div>\n\n\n<p class=\"has-text-align-center\">El siguiente libro es un fabuloso tratado sobre el encaje de aguja. Adem\u00e1s de la historia de este encaje tambi\u00e9n tiene fotos de labores realizadas con esta t\u00e9cnica y muchos esquemas explicando distintos puntos. El precio es de 30\u20ac m\u00e1s gastos de env\u00edo.<\/p>\n\n\n<div class=\"wp-block-image\">\n<figure class=\"aligncenter size-full\"><img loading=\"lazy\" decoding=\"async\" width=\"284\" height=\"400\" src=\"https:\/\/opercheiro.com\/blog\/wp-content\/uploads\/2026\/07\/Bordado-4.jpg\" alt=\"\" class=\"wp-image-1995\"\/><\/figure>\n<\/div>\n\n\n<p class=\"has-text-align-center\">Las siguientes publicaciones son revistas.<\/p>\n\n\n\n<p class=\"has-text-align-center\">La primera tiene modelos para realizar piezas para el hogar: camino de mesa, cortinas, cojines, pantallas de l\u00e1mparas,&#8230; El precio es de 2\u20ac m\u00e1s gastos de env\u00edo.<\/p>\n\n\n<div class=\"wp-block-image\">\n<figure class=\"aligncenter size-full\"><img loading=\"lazy\" decoding=\"async\" width=\"297\" height=\"400\" src=\"https:\/\/opercheiro.com\/blog\/wp-content\/uploads\/2026\/07\/Bordado-5.jpg\" alt=\"\" class=\"wp-image-1996\"\/><\/figure>\n<\/div>\n\n\n<p class=\"has-text-align-center\">Esta es de bordados sobre frunces (nido de abeja, smock). Tiene 24 patrones distintos con sus correspondientes fotos. El precio es de 2\u20ac m\u00e1s gastos de env\u00edo.<\/p>\n\n\n<div class=\"wp-block-image\">\n<figure class=\"aligncenter size-full\"><img loading=\"lazy\" decoding=\"async\" width=\"312\" height=\"400\" src=\"https:\/\/opercheiro.com\/blog\/wp-content\/uploads\/2026\/07\/Bordado-6.jpg\" alt=\"\" class=\"wp-image-1997\"\/><\/figure>\n<\/div>\n\n\n<p class=\"has-text-align-center\">La siguiente revista trae muchos dibujos para poder realizar bordados de recorte, entre ellos el Richelieu. De este \u00faltimo tiene una peque\u00f1a explicaci\u00f3n. El precio es de 2\u20ac m\u00e1s gastos de env\u00edo.<\/p>\n\n\n<div class=\"wp-block-image\">\n<figure class=\"aligncenter size-full\"><img loading=\"lazy\" decoding=\"async\" width=\"295\" height=\"400\" src=\"https:\/\/opercheiro.com\/blog\/wp-content\/uploads\/2026\/07\/Bordado-8.jpg\" alt=\"\" class=\"wp-image-1998\"\/><\/figure>\n<\/div>\n\n\n<p class=\"has-text-align-center\">En esta revista encontrar\u00e9is cuatro dibujos distintos para bordar cada letra del abecedario. En cada p\u00e1gina hay tres opciones distintas y en las p\u00e1ginas finales encontrar\u00e9is la cuarta propuesta. El precio es de 2\u20ac m\u00e1s gastos de env\u00edo.<\/p>\n\n\n<div class=\"wp-block-image\">\n<figure class=\"aligncenter size-full\"><img loading=\"lazy\" decoding=\"async\" width=\"286\" height=\"400\" src=\"https:\/\/opercheiro.com\/blog\/wp-content\/uploads\/2026\/07\/Bordado-10.jpg\" alt=\"\" class=\"wp-image-1999\"\/><\/figure>\n<\/div>\n\n\n<p class=\"has-text-align-center\">En esta revista ense\u00f1an c\u00f3mo hacer varias vainicas. Adem\u00e1s encontrar\u00e9is dise\u00f1os y fotos tambi\u00e9n de bordado noruego. El precio es de 2\u20ac m\u00e1s gastos de env\u00edo.<\/p>\n\n\n<div class=\"wp-block-image\">\n<figure class=\"aligncenter size-full\"><img loading=\"lazy\" decoding=\"async\" width=\"301\" height=\"400\" src=\"https:\/\/opercheiro.com\/blog\/wp-content\/uploads\/2026\/07\/Bordado-7.jpg\" alt=\"\" class=\"wp-image-2000\"\/><\/figure>\n<\/div>\n\n\n<p class=\"has-text-align-center\">Por \u00faltimo otra revista con letras, en este caso realizadas a punto de cruz. El precio es de 2\u20ac m\u00e1s gastos de env\u00edo.<\/p>\n\n\n<div class=\"wp-block-image\">\n<figure class=\"aligncenter size-full\"><img loading=\"lazy\" decoding=\"async\" width=\"291\" height=\"400\" src=\"https:\/\/opercheiro.com\/blog\/wp-content\/uploads\/2026\/07\/Bordado-9.jpg\" alt=\"\" class=\"wp-image-2001\"\/><\/figure>\n<\/div>\n\n\n<p class=\"has-text-align-center\">El importe total de todas estas publicaciones es de 67\u20ac pero si las compr\u00e1is todas el precio del lote es de 55\u20ac, m\u00e1s gastos de env\u00edo.<\/p>\n\n\n\n<p class=\"has-text-align-center\">El pedido m\u00ednimo es de 10\u20ac pero se puede completar con otros productos de nuestra p\u00e1gina web <a href=\"https:\/\/opercheiro.com\/\" target=\"_blank\" rel=\"noreferrer noopener\">https:\/\/opercheiro.com\/<\/a><\/p>\n\n\n\n<p class=\"has-text-align-center\">Siempre publicamos primero en el blog y despu\u00e9s en facebook.<\/p>\n\n\n\n<p class=\"has-text-align-center\">Si quer\u00e9is comprar alguna o todas estas publicaciones pod\u00e9is poneros en contacto con nosotros en nuestro tel\u00e9fono y whatsapp 626 300 901 o en el correo electr\u00f3nico opercheiro@gmail.com<\/p>\n\n\n\n<p class=\"has-text-align-center\">Os deseamos un bonito fin de semana.<\/p>\n\n\n\n<p class=\"has-text-align-center\">Hasta el lunes.<\/p>\n","protected":false},"excerpt":{"rendered":"<p>Os traemos un nuevo lote de publicaciones que no est\u00e1n a la venta en nuestra tienda web. As\u00ed que, una vez m\u00e1s, s\u00f3lo hay una de cada. En esta ocasi\u00f3n os proponemos publicaciones que tienen que ver con el mundo del bordado. Encontrar\u00e9is distintas t\u00e9cnicas todas ellas muy interesantes. Al igual que en ocasiones anteriores &hellip; <a href=\"https:\/\/opercheiro.com\/blog\/2026\/07\/30\/bordado-segunda-mano\/\" class=\"more-link\">Sigue leyendo <span class=\"screen-reader-text\">Bordado, segunda mano<\/span><\/a><\/p>\n","protected":false},"author":1,"featured_media":0,"comment_status":"closed","ping_status":"open","sticky":false,"template":"","format":"standard","meta":{"footnotes":""},"categories":[43,38],"tags":[],"class_list":["post-1991","post","type-post","status-publish","format-standard","hentry","category-bordado","category-segunda-mano"],"_links":{"self":[{"href":"https:\/\/opercheiro.com\/blog\/wp-json\/wp\/v2\/posts\/1991","targetHints":{"allow":["GET"]}}],"collection":[{"href":"https:\/\/opercheiro.com\/blog\/wp-json\/wp\/v2\/posts"}],"about":[{"href":"https:\/\/opercheiro.com\/blog\/wp-json\/wp\/v2\/types\/post"}],"author":[{"embeddable":true,"href":"https:\/\/opercheiro.com\/blog\/wp-json\/wp\/v2\/users\/1"}],"replies":[{"embeddable":true,"href":"https:\/\/opercheiro.com\/blog\/wp-json\/wp\/v2\/comments?post=1991"}],"version-history":[{"count":6,"href":"https:\/\/opercheiro.com\/blog\/wp-json\/wp\/v2\/posts\/1991\/revisions"}],"predecessor-version":[{"id":2036,"href":"https:\/\/opercheiro.com\/blog\/wp-json\/wp\/v2\/posts\/1991\/revisions\/2036"}],"wp:attachment":[{"href":"https:\/\/opercheiro.com\/blog\/wp-json\/wp\/v2\/media?parent=1991"}],"wp:term":[{"taxonomy":"category","embeddable":true,"href":"https:\/\/opercheiro.com\/blog\/wp-json\/wp\/v2\/categories?post=1991"},{"taxonomy":"post_tag","embeddable":true,"href":"https:\/\/opercheiro.com\/blog\/wp-json\/wp\/v2\/tags?post=1991"}],"curies":[{"name":"wp","href":"https:\/\/api.w.org\/{rel}","templated":true}]}}