{"id":2006,"date":"2026-08-03T00:00:00","date_gmt":"2026-08-02T23:00:00","guid":{"rendered":"https:\/\/opercheiro.com\/blog\/?p=2006"},"modified":"2026-08-02T22:02:42","modified_gmt":"2026-08-02T21:02:42","slug":"chal-lino","status":"publish","type":"post","link":"https:\/\/opercheiro.com\/blog\/2026\/08\/03\/chal-lino\/","title":{"rendered":"Chal lino"},"content":{"rendered":"\n<p class=\"has-text-align-center\">Empezamos la semana con un precioso chal realizado por Alsira Fornos, de Doade (Ourense).<\/p>\n\n\n\n<p class=\"has-text-align-center\">Esta puntilla est\u00e1 realizada a encaje de bolillos e incrustada sobre una tela de nuestro taller. Una vez m\u00e1s un bonito trabajo totalmente realizado a mano.<\/p>\n\n\n<div class=\"wp-block-image\">\n<figure class=\"aligncenter size-full\"><img loading=\"lazy\" decoding=\"async\" width=\"400\" height=\"194\" src=\"https:\/\/opercheiro.com\/blog\/wp-content\/uploads\/2026\/08\/chal-1.jpg\" alt=\"\" class=\"wp-image-2007\"\/><\/figure>\n<\/div>\n\n\n<p class=\"has-text-align-center\">En este caso el color elegido es nuestro lino natural cuya referencia es 053\/3. <\/p>\n\n\n<div class=\"wp-block-image\">\n<figure class=\"aligncenter size-full\"><img loading=\"lazy\" decoding=\"async\" width=\"400\" height=\"213\" src=\"https:\/\/opercheiro.com\/blog\/wp-content\/uploads\/2026\/08\/chal-2.jpg\" alt=\"\" class=\"wp-image-2008\"\/><\/figure>\n<\/div>\n\n<div class=\"wp-block-image\">\n<figure class=\"aligncenter size-full\"><img loading=\"lazy\" decoding=\"async\" width=\"400\" height=\"352\" src=\"https:\/\/opercheiro.com\/blog\/wp-content\/uploads\/2026\/08\/chal-3-1.jpg\" alt=\"\" class=\"wp-image-2011\"\/><\/figure>\n<\/div>\n\n<div class=\"wp-block-image\">\n<figure class=\"aligncenter size-full\"><img loading=\"lazy\" decoding=\"async\" width=\"358\" height=\"400\" src=\"https:\/\/opercheiro.com\/blog\/wp-content\/uploads\/2026\/08\/chal-4-1.jpg\" alt=\"\" class=\"wp-image-2012\"\/><\/figure>\n<\/div>\n\n\n<p class=\"has-text-align-center\">En el enlace que os dejamos a continuaci\u00f3n pod\u00e9is ver todas las telas que nos quedan, tanto chales como fulares. Si os gusta alguna compradla cuanto antes, ya que no vamos a tejer m\u00e1s. Todav\u00eda hay telas lisas y tambi\u00e9n con dibujo.<\/p>\n\n\n\n<p class=\"has-text-align-center\"><a href=\"https:\/\/opercheiro.com\/50-chales-y-fulares\" target=\"_blank\" rel=\"noreferrer noopener\">https:\/\/opercheiro.com\/50-chales-y-fulares<\/a><\/p>\n\n\n\n<p class=\"has-text-align-center\">Para hacer la puntilla, vainicas, flecos&#8230; en nuestras telas lo habitual es que os haga falta 1 bobina de 100 gramos para el fular y 2 para el chal. Tambi\u00e9n os dejamos el enlace al apartado de los hilos de lino de nuestra tienda. Los chales y fulares todos hechos a encaje con este lino quedan preciosos. Pod\u00e9is hacerlos todos de un solo color o mezclar a vuestro gusto.<\/p>\n\n\n\n<p class=\"has-text-align-center\"> Hay dos formatos: 100 metros y 100 gramos (900 metros aprox.) Los de 100 metros son \u00fatiles para trabajos peque\u00f1os o cuando se necesita poca cantidad de un color. Los de 100 gramos son ideales para trabajos grandes. Normalmente para un fular todo de encaje compr\u00e1is 2 y para un chal 3 de 100 gramos.<\/p>\n\n\n\n<p class=\"has-text-align-center\"><a href=\"https:\/\/opercheiro.com\/27-lino-30-3-nm\" target=\"_blank\" rel=\"noreferrer noopener\">https:\/\/opercheiro.com\/27-lino-30-3-nm<\/a><\/p>\n\n\n\n<p class=\"has-text-align-center\">Os deseamos un bonito d\u00eda.<\/p>\n\n\n\n<p class=\"has-text-align-center\">Hasta el mi\u00e9rcoles.<\/p>\n\n\n\n<p><\/p>\n","protected":false},"excerpt":{"rendered":"<p>Empezamos la semana con un precioso chal realizado por Alsira Fornos, de Doade (Ourense). Esta puntilla est\u00e1 realizada a encaje de bolillos e incrustada sobre una tela de nuestro taller. Una vez m\u00e1s un bonito trabajo totalmente realizado a mano. En este caso el color elegido es nuestro lino natural cuya referencia es 053\/3. En &hellip; <a href=\"https:\/\/opercheiro.com\/blog\/2026\/08\/03\/chal-lino\/\" class=\"more-link\">Sigue leyendo <span class=\"screen-reader-text\">Chal lino<\/span><\/a><\/p>\n","protected":false},"author":1,"featured_media":0,"comment_status":"closed","ping_status":"open","sticky":false,"template":"","format":"standard","meta":{"footnotes":""},"categories":[8,2,12],"tags":[],"class_list":["post-2006","post","type-post","status-publish","format-standard","hentry","category-bolillos","category-chales","category-lino"],"_links":{"self":[{"href":"https:\/\/opercheiro.com\/blog\/wp-json\/wp\/v2\/posts\/2006","targetHints":{"allow":["GET"]}}],"collection":[{"href":"https:\/\/opercheiro.com\/blog\/wp-json\/wp\/v2\/posts"}],"about":[{"href":"https:\/\/opercheiro.com\/blog\/wp-json\/wp\/v2\/types\/post"}],"author":[{"embeddable":true,"href":"https:\/\/opercheiro.com\/blog\/wp-json\/wp\/v2\/users\/1"}],"replies":[{"embeddable":true,"href":"https:\/\/opercheiro.com\/blog\/wp-json\/wp\/v2\/comments?post=2006"}],"version-history":[{"count":3,"href":"https:\/\/opercheiro.com\/blog\/wp-json\/wp\/v2\/posts\/2006\/revisions"}],"predecessor-version":[{"id":2015,"href":"https:\/\/opercheiro.com\/blog\/wp-json\/wp\/v2\/posts\/2006\/revisions\/2015"}],"wp:attachment":[{"href":"https:\/\/opercheiro.com\/blog\/wp-json\/wp\/v2\/media?parent=2006"}],"wp:term":[{"taxonomy":"category","embeddable":true,"href":"https:\/\/opercheiro.com\/blog\/wp-json\/wp\/v2\/categories?post=2006"},{"taxonomy":"post_tag","embeddable":true,"href":"https:\/\/opercheiro.com\/blog\/wp-json\/wp\/v2\/tags?post=2006"}],"curies":[{"name":"wp","href":"https:\/\/api.w.org\/{rel}","templated":true}]}}