{"id":2016,"date":"2026-08-05T00:00:00","date_gmt":"2026-08-04T23:00:00","guid":{"rendered":"https:\/\/opercheiro.com\/blog\/?p=2016"},"modified":"2026-08-04T19:39:32","modified_gmt":"2026-08-04T18:39:32","slug":"ramo-gala","status":"publish","type":"post","link":"https:\/\/opercheiro.com\/blog\/2026\/08\/05\/ramo-gala\/","title":{"rendered":"Ramo \u00abGala\u00bb"},"content":{"rendered":"\n<p class=\"has-text-align-center\">Este precioso ramo que veremos hoy lo ha realizado Ingrid Rigter, de Tordera (Barcelona).<\/p>\n\n\n\n<p class=\"has-text-align-center\">Ingrid ha hecho algo muy interesante. Ha cogido un patr\u00f3n que en principio est\u00e1 dise\u00f1ado para un broche y le ha dado un uso distinto. Este es un ejemplo perfecto de c\u00f3mo podemos disfrutar de una enorme libertad con el encaje. A un mismo patr\u00f3n podemos darle muchas vidas.<\/p>\n\n\n<div class=\"wp-block-image\">\n<figure class=\"aligncenter size-full\"><img loading=\"lazy\" decoding=\"async\" width=\"152\" height=\"400\" src=\"https:\/\/opercheiro.com\/blog\/wp-content\/uploads\/2026\/08\/ramo-1.jpg\" alt=\"\" class=\"wp-image-2017\"\/><\/figure>\n<\/div>\n\n\n<p class=\"has-text-align-center\">Este ramo est\u00e1 realizado con nuestras sedas quitamiedos rojo amapola, de referencia SQ49\/2, y la verde oliva, de referencia SQ17\/2. El patr\u00f3n es el broche Gala de la fant\u00e1stica Aurora Ramos.<\/p>\n\n\n<div class=\"wp-block-image\">\n<figure class=\"aligncenter size-full\"><img loading=\"lazy\" decoding=\"async\" width=\"241\" height=\"400\" src=\"https:\/\/opercheiro.com\/blog\/wp-content\/uploads\/2026\/08\/ramo-2.jpg\" alt=\"\" class=\"wp-image-2018\"\/><\/figure>\n<\/div>\n\n\n<p class=\"has-text-align-center\">La composici\u00f3n del ramo la ha llevado a cabo Manel, de la Florister\u00eda Manel, que tambi\u00e9n est\u00e1 en Tordera (Barcelona). Y aqu\u00ed encontramos otro aprendizaje importante. A veces no se nos ocurre contar con profesionales de otros gremios para terminar nuestras obras de encaje. <\/p>\n\n\n<div class=\"wp-block-image\">\n<figure class=\"aligncenter size-full\"><img loading=\"lazy\" decoding=\"async\" width=\"348\" height=\"359\" src=\"https:\/\/opercheiro.com\/blog\/wp-content\/uploads\/2026\/08\/ramo-3.jpg\" alt=\"\" class=\"wp-image-2019\"\/><\/figure>\n<\/div>\n\n\n<p class=\"has-text-align-center\">Este ramo, y el broche Gala, tambi\u00e9n podr\u00edan quedar preciosos en otros colores, mezclando flores y hojas de distintos colores, e incluso usando sedas multicolores. A veces sucede que vemos una labor con un color determinado y no nos atrevemos a hacerla con los colores que m\u00e1s nos gustan o a probar algo distinto.<\/p>\n\n\n<div class=\"wp-block-image\">\n<figure class=\"aligncenter size-full\"><img loading=\"lazy\" decoding=\"async\" width=\"333\" height=\"321\" src=\"https:\/\/opercheiro.com\/blog\/wp-content\/uploads\/2026\/08\/ramo-4.jpg\" alt=\"\" class=\"wp-image-2020\"\/><\/figure>\n<\/div>\n\n\n<p class=\"has-text-align-center\">Os dejamos a continuaci\u00f3n el enlace a las sedas quitamiedos para que pod\u00e1is escoger los colores que os gusten. Normalmente para una flor del patr\u00f3n Gala os llega con una bobina de 100 metros para tres flores es mejor que compr\u00e9is la de 300 metros.<\/p>\n\n\n\n<p class=\"has-text-align-center\"><a href=\"https:\/\/opercheiro.com\/42-seda-quitamiedos-602-nm\" target=\"_blank\" rel=\"noreferrer noopener\">https:\/\/opercheiro.com\/42-seda-quitamiedos-602-nm<\/a><\/p>\n\n\n\n<p class=\"has-text-align-center\">Si quer\u00e9is comprar el patr\u00f3n s\u00f3lo ten\u00e9is que buscar Aurora Ramos en cualquier buscador. Os aconsejamos que ech\u00e9is un vistazo a todos sus patrones ya que tiene cosas preciosas.<\/p>\n\n\n\n<p class=\"has-text-align-center\">Os deseamos un bonito d\u00eda.<\/p>\n\n\n\n<p class=\"has-text-align-center\">Hasta el viernes.<\/p>\n\n\n\n<p><\/p>\n","protected":false},"excerpt":{"rendered":"<p>Este precioso ramo que veremos hoy lo ha realizado Ingrid Rigter, de Tordera (Barcelona). Ingrid ha hecho algo muy interesante. Ha cogido un patr\u00f3n que en principio est\u00e1 dise\u00f1ado para un broche y le ha dado un uso distinto. Este es un ejemplo perfecto de c\u00f3mo podemos disfrutar de una enorme libertad con el encaje. &hellip; <a href=\"https:\/\/opercheiro.com\/blog\/2026\/08\/05\/ramo-gala\/\" class=\"more-link\">Sigue leyendo <span class=\"screen-reader-text\">Ramo \u00abGala\u00bb<\/span><\/a><\/p>\n","protected":false},"author":1,"featured_media":0,"comment_status":"closed","ping_status":"open","sticky":false,"template":"","format":"standard","meta":{"footnotes":""},"categories":[44,8,39,20],"tags":[],"class_list":["post-2016","post","type-post","status-publish","format-standard","hentry","category-aurora-ramos","category-bolillos","category-flores","category-seda"],"_links":{"self":[{"href":"https:\/\/opercheiro.com\/blog\/wp-json\/wp\/v2\/posts\/2016","targetHints":{"allow":["GET"]}}],"collection":[{"href":"https:\/\/opercheiro.com\/blog\/wp-json\/wp\/v2\/posts"}],"about":[{"href":"https:\/\/opercheiro.com\/blog\/wp-json\/wp\/v2\/types\/post"}],"author":[{"embeddable":true,"href":"https:\/\/opercheiro.com\/blog\/wp-json\/wp\/v2\/users\/1"}],"replies":[{"embeddable":true,"href":"https:\/\/opercheiro.com\/blog\/wp-json\/wp\/v2\/comments?post=2016"}],"version-history":[{"count":4,"href":"https:\/\/opercheiro.com\/blog\/wp-json\/wp\/v2\/posts\/2016\/revisions"}],"predecessor-version":[{"id":2024,"href":"https:\/\/opercheiro.com\/blog\/wp-json\/wp\/v2\/posts\/2016\/revisions\/2024"}],"wp:attachment":[{"href":"https:\/\/opercheiro.com\/blog\/wp-json\/wp\/v2\/media?parent=2016"}],"wp:term":[{"taxonomy":"category","embeddable":true,"href":"https:\/\/opercheiro.com\/blog\/wp-json\/wp\/v2\/categories?post=2016"},{"taxonomy":"post_tag","embeddable":true,"href":"https:\/\/opercheiro.com\/blog\/wp-json\/wp\/v2\/tags?post=2016"}],"curies":[{"name":"wp","href":"https:\/\/api.w.org\/{rel}","templated":true}]}}