{"id":2046,"date":"2026-08-12T00:00:00","date_gmt":"2026-08-11T23:00:00","guid":{"rendered":"https:\/\/opercheiro.com\/blog\/?p=2046"},"modified":"2026-08-11T19:00:14","modified_gmt":"2026-08-11T18:00:14","slug":"abanico-11","status":"publish","type":"post","link":"https:\/\/opercheiro.com\/blog\/2026\/08\/12\/abanico-11\/","title":{"rendered":"Abanico"},"content":{"rendered":"\n<p class=\"has-text-align-center\">Siguiendo la estela de la publicaci\u00f3n anterior el trabajo que hoy os mostramos lo comparte Loli \u00c1lvarez, de Puerto Real (C\u00e1diz).<\/p>\n\n\n\n<p class=\"has-text-align-center\">Este abanico es una labor sencilla pero muy resultona, adem\u00e1s es de esas labores que se pueden hacer relativamente r\u00e1pido. As\u00ed que lo tiene todo para ser una labor ideal para el verano, es un trabajo con pocas complicaciones, queda precioso y es \u00fatil para refrescarnos. No se puede pedir m\u00e1s por menos.<\/p>\n\n\n<div class=\"wp-block-image\">\n<figure class=\"aligncenter size-full\"><img loading=\"lazy\" decoding=\"async\" width=\"400\" height=\"376\" src=\"https:\/\/opercheiro.com\/blog\/wp-content\/uploads\/2026\/08\/abanico.jpg\" alt=\"\" class=\"wp-image-2047\"\/><\/figure>\n<\/div>\n\n\n<p class=\"has-text-align-center\">Esta realizado con la seda quitamiedos multicolor SQ58. Tenemos 20 multicolores distintos de esta seda.<\/p>\n\n\n<div class=\"wp-block-image\">\n<figure class=\"aligncenter size-full\"><img loading=\"lazy\" decoding=\"async\" width=\"400\" height=\"156\" src=\"https:\/\/opercheiro.com\/blog\/wp-content\/uploads\/2026\/08\/abanico-2.jpg\" alt=\"\" class=\"wp-image-2048\"\/><\/figure>\n<\/div>\n\n\n<p class=\"has-text-align-center\">Os dejamos el enlace a los hilos utilizados. Las sedas multicolores son las referencias desde la SQ51 hasta la SQ70.<\/p>\n\n\n\n<p class=\"has-text-align-center\"><a href=\"https:\/\/opercheiro.com\/42-seda-quitamiedos-602-nm\" target=\"_blank\" rel=\"noreferrer noopener\">https:\/\/opercheiro.com\/42-seda-quitamiedos-602-nm<\/a><\/p>\n\n\n\n<p class=\"has-text-align-center\">Os deseamos un bonito d\u00eda.<\/p>\n\n\n\n<p class=\"has-text-align-center\">Hasta el viernes.<\/p>\n","protected":false},"excerpt":{"rendered":"<p>Siguiendo la estela de la publicaci\u00f3n anterior el trabajo que hoy os mostramos lo comparte Loli \u00c1lvarez, de Puerto Real (C\u00e1diz). Este abanico es una labor sencilla pero muy resultona, adem\u00e1s es de esas labores que se pueden hacer relativamente r\u00e1pido. As\u00ed que lo tiene todo para ser una labor ideal para el verano, es &hellip; <a href=\"https:\/\/opercheiro.com\/blog\/2026\/08\/12\/abanico-11\/\" class=\"more-link\">Sigue leyendo <span class=\"screen-reader-text\">Abanico<\/span><\/a><\/p>\n","protected":false},"author":1,"featured_media":0,"comment_status":"closed","ping_status":"open","sticky":false,"template":"","format":"standard","meta":{"footnotes":""},"categories":[6,8,20],"tags":[],"class_list":["post-2046","post","type-post","status-publish","format-standard","hentry","category-abanicos","category-bolillos","category-seda"],"_links":{"self":[{"href":"https:\/\/opercheiro.com\/blog\/wp-json\/wp\/v2\/posts\/2046","targetHints":{"allow":["GET"]}}],"collection":[{"href":"https:\/\/opercheiro.com\/blog\/wp-json\/wp\/v2\/posts"}],"about":[{"href":"https:\/\/opercheiro.com\/blog\/wp-json\/wp\/v2\/types\/post"}],"author":[{"embeddable":true,"href":"https:\/\/opercheiro.com\/blog\/wp-json\/wp\/v2\/users\/1"}],"replies":[{"embeddable":true,"href":"https:\/\/opercheiro.com\/blog\/wp-json\/wp\/v2\/comments?post=2046"}],"version-history":[{"count":1,"href":"https:\/\/opercheiro.com\/blog\/wp-json\/wp\/v2\/posts\/2046\/revisions"}],"predecessor-version":[{"id":2049,"href":"https:\/\/opercheiro.com\/blog\/wp-json\/wp\/v2\/posts\/2046\/revisions\/2049"}],"wp:attachment":[{"href":"https:\/\/opercheiro.com\/blog\/wp-json\/wp\/v2\/media?parent=2046"}],"wp:term":[{"taxonomy":"category","embeddable":true,"href":"https:\/\/opercheiro.com\/blog\/wp-json\/wp\/v2\/categories?post=2046"},{"taxonomy":"post_tag","embeddable":true,"href":"https:\/\/opercheiro.com\/blog\/wp-json\/wp\/v2\/tags?post=2046"}],"curies":[{"name":"wp","href":"https:\/\/api.w.org\/{rel}","templated":true}]}}