{"id":2084,"date":"2026-08-21T00:00:00","date_gmt":"2026-08-20T23:00:00","guid":{"rendered":"https:\/\/opercheiro.com\/blog\/?p=2084"},"modified":"2026-08-20T22:48:43","modified_gmt":"2026-08-20T21:48:43","slug":"vacaciones","status":"publish","type":"post","link":"https:\/\/opercheiro.com\/blog\/2026\/08\/21\/vacaciones\/","title":{"rendered":"Vacaciones"},"content":{"rendered":"\n<p class=\"has-text-align-center\">Os anunciamos que desde hoy hasta el martes 1 de septiembre nuestra p\u00e1gina web estar\u00e1 de \u00abvacaciones\u00bb. Tenemos que hacer importantes cambios y necesitamos unos d\u00edas para llevarlos a cabo.<\/p>\n\n\n\n<p class=\"has-text-align-center\">Adem\u00e1s desde hoy hasta ese mismo martes no haremos env\u00edos, as\u00ed que os agradecemos de antemano vuestra comprensi\u00f3n y paciencia.<\/p>\n\n\n\n<p class=\"has-text-align-center\">Volveremos a hacer env\u00edos el viernes d\u00eda 4, pero ya podr\u00e9is hacer vuestros pedidos desde el martes d\u00eda 1.<\/p>\n\n\n\n<p class=\"has-text-align-center\">Os esperamos de nuevo en septiembre y os comunicaremos una noticia muy importante.<\/p>\n\n\n\n<p class=\"has-text-align-center\">Os deseamos un bonito d\u00eda.<\/p>\n\n\n\n<p class=\"has-text-align-center\">Hasta el d\u00eda 1.<\/p>\n\n\n<div class=\"wp-block-image\">\n<figure class=\"aligncenter size-full\"><img loading=\"lazy\" decoding=\"async\" width=\"200\" height=\"67\" src=\"https:\/\/opercheiro.com\/blog\/wp-content\/uploads\/2026\/08\/imaxe.png\" alt=\"\" class=\"wp-image-2085\"\/><\/figure>\n<\/div>\n\n\n<p><\/p>\n","protected":false},"excerpt":{"rendered":"<p>Os anunciamos que desde hoy hasta el martes 1 de septiembre nuestra p\u00e1gina web estar\u00e1 de \u00abvacaciones\u00bb. Tenemos que hacer importantes cambios y necesitamos unos d\u00edas para llevarlos a cabo. Adem\u00e1s desde hoy hasta ese mismo martes no haremos env\u00edos, as\u00ed que os agradecemos de antemano vuestra comprensi\u00f3n y paciencia. Volveremos a hacer env\u00edos el &hellip; <a href=\"https:\/\/opercheiro.com\/blog\/2026\/08\/21\/vacaciones\/\" class=\"more-link\">Sigue leyendo <span class=\"screen-reader-text\">Vacaciones<\/span><\/a><\/p>\n","protected":false},"author":1,"featured_media":0,"comment_status":"closed","ping_status":"open","sticky":false,"template":"","format":"standard","meta":{"footnotes":""},"categories":[1],"tags":[],"class_list":["post-2084","post","type-post","status-publish","format-standard","hentry","category-sin-categoria"],"_links":{"self":[{"href":"https:\/\/opercheiro.com\/blog\/wp-json\/wp\/v2\/posts\/2084","targetHints":{"allow":["GET"]}}],"collection":[{"href":"https:\/\/opercheiro.com\/blog\/wp-json\/wp\/v2\/posts"}],"about":[{"href":"https:\/\/opercheiro.com\/blog\/wp-json\/wp\/v2\/types\/post"}],"author":[{"embeddable":true,"href":"https:\/\/opercheiro.com\/blog\/wp-json\/wp\/v2\/users\/1"}],"replies":[{"embeddable":true,"href":"https:\/\/opercheiro.com\/blog\/wp-json\/wp\/v2\/comments?post=2084"}],"version-history":[{"count":1,"href":"https:\/\/opercheiro.com\/blog\/wp-json\/wp\/v2\/posts\/2084\/revisions"}],"predecessor-version":[{"id":2086,"href":"https:\/\/opercheiro.com\/blog\/wp-json\/wp\/v2\/posts\/2084\/revisions\/2086"}],"wp:attachment":[{"href":"https:\/\/opercheiro.com\/blog\/wp-json\/wp\/v2\/media?parent=2084"}],"wp:term":[{"taxonomy":"category","embeddable":true,"href":"https:\/\/opercheiro.com\/blog\/wp-json\/wp\/v2\/categories?post=2084"},{"taxonomy":"post_tag","embeddable":true,"href":"https:\/\/opercheiro.com\/blog\/wp-json\/wp\/v2\/tags?post=2084"}],"curies":[{"name":"wp","href":"https:\/\/api.w.org\/{rel}","templated":true}]}}